{"id":997,"__str__":"Indica\u00e7\u00e3o n\u00ba 8 de 2026","link_detail_backend":"/materia/997","metadata":{},"numero":8,"ano":2026,"numero_protocolo":null,"data_apresentacao":"2026-02-24","tipo_apresentacao":"","data_publicacao":null,"numero_origem_externa":"","ano_origem_externa":null,"data_origem_externa":null,"apelido":"","dias_prazo":null,"data_fim_prazo":null,"em_tramitacao":false,"polemica":false,"objeto":"","complementar":false,"ementa":"Para que o Executivo Municipal, por meio da Secretaria Competente estude a possibilidade de que sejam adotadas medidas visando \u00e0 manuten\u00e7\u00e3o parcial do funcionamento das creches municipais durante o per\u00edodo de recesso ou f\u00e9rias escolares, especialmente para atendimento de crian\u00e7as cujas fam\u00edlias se encontrem em situa\u00e7\u00e3o de vulnerabilidade social ou n\u00e3o disponham de rede de apoio.","indexacao":"","observacao":"","resultado":"","texto_original":"http://sapl.lagoabonitadosul.rs.leg.br/media/sapl/public/materialegislativa/2026/997/indicacao_no_008-2026_-_janaina.pdf","data_ultima_atualizacao":"2026-02-25T08:11:50.488460-03:00","ip":"45.186.88.48","ultima_edicao":"2026-02-25T08:10:50.016481-03:00","tipo":1,"regime_tramitacao":1,"tipo_origem_externa":null,"local_origem_externa":null,"user":2,"anexadas":[],"autores":[31]}