{"id":941,"__str__":"Abono de Falta n\u00ba 6 de 2025","link_detail_backend":"/materia/941","metadata":{},"numero":6,"ano":2025,"numero_protocolo":null,"data_apresentacao":"2025-11-18","tipo_apresentacao":"","data_publicacao":null,"numero_origem_externa":"","ano_origem_externa":null,"data_origem_externa":null,"apelido":"","dias_prazo":null,"data_fim_prazo":null,"em_tramitacao":false,"polemica":false,"objeto":"","complementar":false,"ementa":"O Vereador que esta subscreve, ap\u00f3s discuss\u00e3o e merecida aprova\u00e7\u00e3o, solicita Vossa Excel\u00eancia o abono da falta no dia 11 de novembro de 2025.","indexacao":"","observacao":"","resultado":"","texto_original":"http://sapl.lagoabonitadosul.rs.leg.br/media/sapl/public/materialegislativa/2025/941/abono_de_falta_no_006-2025_-_alexandre.pdf","data_ultima_atualizacao":"2025-11-19T08:26:50.639733-03:00","ip":"45.186.88.91","ultima_edicao":"2025-11-18T08:15:33.818024-03:00","tipo":16,"regime_tramitacao":1,"tipo_origem_externa":null,"local_origem_externa":null,"user":2,"anexadas":[],"autores":[4]}