{"id":937,"__str__":"Mo\u00e7\u00e3o de Apoio n\u00ba 3 de 2025","link_detail_backend":"/materia/937","metadata":{},"numero":3,"ano":2025,"numero_protocolo":null,"data_apresentacao":"2025-11-04","tipo_apresentacao":"","data_publicacao":null,"numero_origem_externa":"","ano_origem_externa":null,"data_origem_externa":null,"apelido":"","dias_prazo":null,"data_fim_prazo":null,"em_tramitacao":false,"polemica":false,"objeto":"","complementar":false,"ementa":"A Vereadora que esta subscreve, no uso de suas atribui\u00e7\u00f5es legais e regimentais, vem apresentar \u00e0 aprecia\u00e7\u00e3o desta Casa Legislativa a presente MO\u00c7\u00c3O DE APOIO \u00c0 COMISS\u00c3O ESPECIAL EM DEFESA DO SETOR DO TABACO E DE ACOMPANHAMENTO DA COP-11, institu\u00edda pela Uni\u00e3o dos Vereadores do Rio Grande do Sul \u2013 UVERGS.","indexacao":"","observacao":"","resultado":"","texto_original":"http://sapl.lagoabonitadosul.rs.leg.br/media/sapl/public/materialegislativa/2025/937/mocao_de_apoio_003-2025_-comissao_especial_em_defesa_do_setor_do_tabaco.pdf","data_ultima_atualizacao":"2025-11-05T07:58:29.362158-03:00","ip":"45.186.88.75","ultima_edicao":"2025-11-04T11:37:29.321212-03:00","tipo":11,"regime_tramitacao":1,"tipo_origem_externa":null,"local_origem_externa":null,"user":2,"anexadas":[],"autores":[31]}