{"id":871,"__str__":"Indica\u00e7\u00e3o n\u00ba 112 de 2025","link_detail_backend":"/materia/871","metadata":{},"numero":112,"ano":2025,"numero_protocolo":null,"data_apresentacao":"2025-08-26","tipo_apresentacao":"","data_publicacao":null,"numero_origem_externa":"","ano_origem_externa":null,"data_origem_externa":null,"apelido":"","dias_prazo":null,"data_fim_prazo":null,"em_tramitacao":false,"polemica":false,"objeto":"","complementar":false,"ementa":"Para que o Executivo Municipal estude a possibilidade de fazer a aquisi\u00e7\u00e3o da cartilha intitulada \"Sou Diferente, E Da\u00ed? Tem Lugar A\u00ed Para Mim?\", escrita por Aline Campos, para distribui\u00e7\u00e3o na rede p\u00fablica de ensino como forma de conscientiza\u00e7\u00e3o.","indexacao":"","observacao":"","resultado":"","texto_original":"http://sapl.lagoabonitadosul.rs.leg.br/media/sapl/public/materialegislativa/2025/871/indicacao_no_112-2025_-_janaina.pdf","data_ultima_atualizacao":"2025-08-27T08:05:04.359773-03:00","ip":"45.186.88.73","ultima_edicao":"2025-08-26T14:42:27.332048-03:00","tipo":1,"regime_tramitacao":1,"tipo_origem_externa":null,"local_origem_externa":null,"user":2,"anexadas":[],"autores":[31]}