{"id":861,"__str__":"Indica\u00e7\u00e3o n\u00ba 104 de 2025","link_detail_backend":"/materia/861","metadata":{},"numero":104,"ano":2025,"numero_protocolo":null,"data_apresentacao":"2025-08-05","tipo_apresentacao":"","data_publicacao":null,"numero_origem_externa":"","ano_origem_externa":null,"data_origem_externa":null,"apelido":"","dias_prazo":null,"data_fim_prazo":null,"em_tramitacao":false,"polemica":false,"objeto":"","complementar":false,"ementa":"Para que o Executivo Municipal encaminhe \u00e0 Secretaria da Educa\u00e7\u00e3o, para que estude a possibilidade de constar nos curr\u00edculos escolares conte\u00fado acerca da preven\u00e7\u00e3o da viol\u00eancia contra a crian\u00e7a, o adolescente e a mulher, e tamb\u00e9m a cria\u00e7\u00e3o da semana escolar de combate \u00e0 viol\u00eancia contra mulher.","indexacao":"","observacao":"","resultado":"","texto_original":"http://sapl.lagoabonitadosul.rs.leg.br/media/sapl/public/materialegislativa/2025/861/indicacao_no_104-2025_-_janaina.pdf","data_ultima_atualizacao":"2025-08-06T08:07:22.302743-03:00","ip":"45.186.90.8","ultima_edicao":"2025-08-05T14:23:41.414487-03:00","tipo":1,"regime_tramitacao":1,"tipo_origem_externa":null,"local_origem_externa":null,"user":2,"anexadas":[],"autores":[31]}