{"id":776,"__str__":"Mo\u00e7\u00e3o de Apoio n\u00ba 2 de 2025","link_detail_backend":"/materia/776","metadata":{},"numero":2,"ano":2025,"numero_protocolo":null,"data_apresentacao":"2025-05-06","tipo_apresentacao":"","data_publicacao":null,"numero_origem_externa":"","ano_origem_externa":null,"data_origem_externa":null,"apelido":"","dias_prazo":null,"data_fim_prazo":null,"em_tramitacao":false,"polemica":false,"objeto":"","complementar":false,"ementa":"Os vereadores que abaixo assinam, por iniciativa do Vereador Carlos Alexandre Lyra, no uso de suas atribui\u00e7\u00f5es legais e regimentais, manifestam, por meio desta Mo\u00e7\u00e3o de Apoio, solidariedade a todos os usu\u00e1rios do Instituto de Previd\u00eancia do Rio Grande do Sul - IPE SA\u00daDE, com fim de apoiar a forma\u00e7\u00e3o de uma COMISS\u00c3O PARLAMENTAR DE INQU\u00c9RITO - CPI para investigar o IPE SA\u00daDE em \u00e2mbito estadual.","indexacao":"","observacao":"","resultado":"","texto_original":"http://sapl.lagoabonitadosul.rs.leg.br/media/sapl/public/materialegislativa/2025/776/mocao_de_apoio_002-2025_-_ipe_saude.pdf","data_ultima_atualizacao":"2025-05-07T08:02:59.941512-03:00","ip":"45.186.88.95","ultima_edicao":"2025-05-06T08:10:33.953139-03:00","tipo":11,"regime_tramitacao":1,"tipo_origem_externa":null,"local_origem_externa":null,"user":2,"anexadas":[],"autores":[10,4,11,14,15,31,17,33,32]}