{"id":730,"__str__":"Requerimento n\u00ba 2 de 2025","link_detail_backend":"/materia/730","metadata":{},"numero":2,"ano":2025,"numero_protocolo":null,"data_apresentacao":"2025-02-25","tipo_apresentacao":"","data_publicacao":null,"numero_origem_externa":"","ano_origem_externa":null,"data_origem_externa":null,"apelido":"","dias_prazo":null,"data_fim_prazo":null,"em_tramitacao":false,"polemica":false,"objeto":"","complementar":false,"ementa":"Venho por meio deste, requerer, que solicite a presen\u00e7a do Secret\u00e1rio de Sa\u00fade, Senhor Leonir Vicente Francesquet, para que fa\u00e7a o uso da tribuna durante a Sess\u00e3o Plen\u00e1ria do Legislativo Municipal para Esclarecer o funcionamento de sua Secretaria; quais s\u00e3o as principais prioridades da secretaria de s\u00e1ude para este ano, quais os programas em andamentos, como \u00e9 o planejamento e organiza\u00e7\u00e3o da equipe, como a secretaria est\u00e1 lidando se houver escasses de recursos no sistema de sa\u00fade, como est\u00e1 a insfraestrutura e outros assuntos ligados a esta pasta.","indexacao":"","observacao":"","resultado":"","texto_original":"http://sapl.lagoabonitadosul.rs.leg.br/media/sapl/public/materialegislativa/2025/730/requerimento_002-2025_-_debora.pdf","data_ultima_atualizacao":"2025-02-26T08:04:54.990787-03:00","ip":"45.186.88.102","ultima_edicao":"2025-02-26T08:00:09.322494-03:00","tipo":10,"regime_tramitacao":1,"tipo_origem_externa":null,"local_origem_externa":null,"user":2,"anexadas":[],"autores":[11]}