{"id":681,"__str__":"Abono de Falta n\u00ba 1 de 2025","link_detail_backend":"/materia/681","metadata":{},"numero":1,"ano":2025,"numero_protocolo":null,"data_apresentacao":"2025-01-21","tipo_apresentacao":"","data_publicacao":null,"numero_origem_externa":"","ano_origem_externa":null,"data_origem_externa":null,"apelido":"","dias_prazo":null,"data_fim_prazo":null,"em_tramitacao":false,"polemica":false,"objeto":"","complementar":false,"ementa":"O vereador que esta subscreve, ap\u00f3s discuss\u00e3o e merecida aprova\u00e7\u00e3o, solicita Vossa Excel\u00eancia o abono da falta no dia 14 de janeiro de 2025.","indexacao":"","observacao":"","resultado":"","texto_original":"http://sapl.lagoabonitadosul.rs.leg.br/media/sapl/public/materialegislativa/2025/681/abono_de_falta_no_001-2025_-_gilsemar.pdf","data_ultima_atualizacao":"2025-01-22T08:48:09.950502-03:00","ip":"45.186.88.121","ultima_edicao":"2025-01-21T08:18:34.395102-03:00","tipo":16,"regime_tramitacao":1,"tipo_origem_externa":null,"local_origem_externa":null,"user":2,"anexadas":[],"autores":[15]}