{"id":614,"__str__":"Abono de Falta n\u00ba 9 de 2024","link_detail_backend":"/materia/614","metadata":{},"numero":9,"ano":2024,"numero_protocolo":null,"data_apresentacao":"2024-06-25","tipo_apresentacao":"","data_publicacao":null,"numero_origem_externa":"","ano_origem_externa":null,"data_origem_externa":null,"apelido":"","dias_prazo":null,"data_fim_prazo":null,"em_tramitacao":false,"polemica":false,"objeto":"","complementar":false,"ementa":"O vereador que esta subscreve, ap\u00f3s discuss\u00e3o e merecida aprova\u00e7\u00e3o, solicita Vossa Excel\u00eancia o abono da falta no dia 18 de junho de 2024.","indexacao":"","observacao":"","resultado":"","texto_original":"http://sapl.lagoabonitadosul.rs.leg.br/media/sapl/public/materialegislativa/2024/614/abono_de_falta_no_009-2024_-_ezequiel.pdf","data_ultima_atualizacao":"2024-06-26T08:03:21.422513-03:00","ip":"45.186.90.117","ultima_edicao":"2024-06-25T08:08:18.424431-03:00","tipo":16,"regime_tramitacao":1,"tipo_origem_externa":null,"local_origem_externa":null,"user":2,"anexadas":[],"autores":[14]}