{"id":569,"__str__":"Abono de Falta n\u00ba 6 de 2024","link_detail_backend":"/materia/569","metadata":{},"numero":6,"ano":2024,"numero_protocolo":null,"data_apresentacao":"2024-03-26","tipo_apresentacao":"","data_publicacao":null,"numero_origem_externa":"","ano_origem_externa":null,"data_origem_externa":null,"apelido":"","dias_prazo":null,"data_fim_prazo":null,"em_tramitacao":false,"polemica":false,"objeto":"","complementar":false,"ementa":"O vereador que esta subscreve, ap\u00f3s discuss\u00e3o e merecida aprova\u00e7\u00e3o, solicita Vossa Excel\u00eancia o abono da falta no dia 19 de mar\u00e7o de 2024.","indexacao":"","observacao":"","resultado":"","texto_original":"http://sapl.lagoabonitadosul.rs.leg.br/media/sapl/public/materialegislativa/2024/569/abono_de_falta_no_006-2024_-_almeri.pdf","data_ultima_atualizacao":"2024-03-27T08:05:56.856637-03:00","ip":"45.186.88.85","ultima_edicao":"2024-03-26T08:03:03.047882-03:00","tipo":16,"regime_tramitacao":1,"tipo_origem_externa":null,"local_origem_externa":null,"user":2,"anexadas":[],"autores":[3]}