{"id":514,"__str__":"Abono de Falta n\u00ba 13 de 2023","link_detail_backend":"/materia/514","metadata":{},"numero":13,"ano":2023,"numero_protocolo":null,"data_apresentacao":"2023-11-14","tipo_apresentacao":"","data_publicacao":null,"numero_origem_externa":"","ano_origem_externa":null,"data_origem_externa":null,"apelido":"","dias_prazo":null,"data_fim_prazo":null,"em_tramitacao":false,"polemica":false,"objeto":"","complementar":false,"ementa":"A vereadora que esta subscreve, ap\u00f3s discuss\u00e3o e merecida aprova\u00e7\u00e3o, solicita Vossa Excel\u00eancia o abono da falta no dia 07 de novembro de 2023.","indexacao":"","observacao":"","resultado":"","texto_original":"http://sapl.lagoabonitadosul.rs.leg.br/media/sapl/public/materialegislativa/2023/514/abono_de_falta_no_013-2023_-_eneida.pdf","data_ultima_atualizacao":"2023-11-16T10:01:04.763401-03:00","ip":"45.186.90.59","ultima_edicao":"2023-11-14T08:00:20.818762-03:00","tipo":16,"regime_tramitacao":1,"tipo_origem_externa":null,"local_origem_externa":null,"user":2,"anexadas":[],"autores":[13]}