{"id":510,"__str__":"Mo\u00e7\u00e3o de Apoio n\u00ba 2 de 2023","link_detail_backend":"/materia/510","metadata":{},"numero":2,"ano":2023,"numero_protocolo":null,"data_apresentacao":"2023-10-31","tipo_apresentacao":"","data_publicacao":null,"numero_origem_externa":"","ano_origem_externa":null,"data_origem_externa":null,"apelido":"","dias_prazo":null,"data_fim_prazo":null,"em_tramitacao":false,"polemica":false,"objeto":"","complementar":false,"ementa":"Manifestam e refor\u00e7am a necessidade plena da aplica\u00e7\u00e3o da Lei 15.958 de 19 de janeiro de 2023, que disp\u00f5e sobre a classifica\u00e7\u00e3o do tabaco nas propriedades dos agricultores no \u00e2mbito do Estado do Rio Grande do Sul.","indexacao":"","observacao":"","resultado":"","texto_original":"http://sapl.lagoabonitadosul.rs.leg.br/media/sapl/public/materialegislativa/2023/510/mocao_de_apoio_no_002-2023_-_todos_os_vereadores.pdf","data_ultima_atualizacao":"2023-11-01T08:19:28.917991-03:00","ip":"45.186.88.95","ultima_edicao":"2023-10-31T14:31:30.202226-03:00","tipo":11,"regime_tramitacao":1,"tipo_origem_externa":null,"local_origem_externa":null,"user":2,"anexadas":[],"autores":[19,11,12,29,13,14,15,24]}