{"id":484,"__str__":"Mo\u00e7\u00e3o de Congratula\u00e7\u00f5es e Reconhecimento n\u00ba 1 de 2023","link_detail_backend":"/materia/484","metadata":{},"numero":1,"ano":2023,"numero_protocolo":null,"data_apresentacao":"2023-09-19","tipo_apresentacao":"","data_publicacao":null,"numero_origem_externa":"","ano_origem_externa":null,"data_origem_externa":null,"apelido":"","dias_prazo":null,"data_fim_prazo":null,"em_tramitacao":false,"polemica":false,"objeto":"","complementar":false,"ementa":"Para que encaminhe esta Mo\u00e7\u00e3o de Reconhecimento e Aplausos aos representantes dos CAVALEIROS DE LAGOA BONITA DO SUL, os senhores, EJAIR MELCHIOR e JURANDIR MACIEL e a senhorita, ISADORA MACIEL, os quais representaram nosso munic\u00edpio na 74\u00aa Edi\u00e7\u00e3o do evento da Gera\u00e7\u00e3o e Distribui\u00e7\u00e3o da Chama Crioula, no munic\u00edpio de Cristal.","indexacao":"","observacao":"","resultado":"","texto_original":"http://sapl.lagoabonitadosul.rs.leg.br/media/sapl/public/materialegislativa/2023/484/mocao_de_reconhecimento_no_001-2023_-_eneida.pdf","data_ultima_atualizacao":"2023-09-21T08:29:25.014783-03:00","ip":"45.186.90.114","ultima_edicao":"2023-09-19T11:13:13.976246-03:00","tipo":4,"regime_tramitacao":1,"tipo_origem_externa":null,"local_origem_externa":null,"user":2,"anexadas":[],"autores":[13]}