{"id":466,"__str__":"Abono de Falta n\u00ba 9 de 2023","link_detail_backend":"/materia/466","metadata":{},"numero":9,"ano":2023,"numero_protocolo":null,"data_apresentacao":"2023-08-08","tipo_apresentacao":"","data_publicacao":null,"numero_origem_externa":"","ano_origem_externa":null,"data_origem_externa":null,"apelido":"","dias_prazo":null,"data_fim_prazo":null,"em_tramitacao":false,"polemica":false,"objeto":"","complementar":false,"ementa":"Participar de uma manifesta\u00e7\u00e3o juntamente com outras entidades representativas em\r\ndefesa dos produtores de leite e derivados, contra a importa\u00e7\u00e3o de produtos l\u00e1cteos de\r\npa\u00edses do Mercosul, o que acaba prejudicando os produtores tanto do munic\u00edpio, quanto\r\nnacionais, desestimulando a continuidade das fam\u00edlias brasileiras na atividade que\r\nocorreu em Porto Xavier - RS.","indexacao":"","observacao":"","resultado":"","texto_original":"http://sapl.lagoabonitadosul.rs.leg.br/media/sapl/public/materialegislativa/2023/466/abono_de_falta_no_009-2023_-_olavo.pdf","data_ultima_atualizacao":"2023-08-09T08:58:33.074204-03:00","ip":"45.186.88.90","ultima_edicao":"2023-08-08T14:00:51.481143-03:00","tipo":16,"regime_tramitacao":1,"tipo_origem_externa":null,"local_origem_externa":null,"user":2,"anexadas":[],"autores":[17]}