{"id":308,"__str__":"Abono de Falta n\u00ba 4 de 2022","link_detail_backend":"/materia/308","metadata":{},"numero":4,"ano":2022,"numero_protocolo":null,"data_apresentacao":"2022-09-27","tipo_apresentacao":"","data_publicacao":null,"numero_origem_externa":"","ano_origem_externa":null,"data_origem_externa":null,"apelido":"","dias_prazo":null,"data_fim_prazo":null,"em_tramitacao":false,"polemica":false,"objeto":"","complementar":false,"ementa":"O Vereador que esta subscreve, ap\u00f3s discuss\u00e3o e merecida aprova\u00e7\u00e3o, solicita Vossa Excel\u00eancia o abono da falta no dia 13 de setembro de 2022.","indexacao":"","observacao":"","resultado":"","texto_original":"http://sapl.lagoabonitadosul.rs.leg.br/media/sapl/public/materialegislativa/2022/308/of_004_-_almeri_ivo_pribe.pdf","data_ultima_atualizacao":"2022-09-28T08:49:08.287167-03:00","ip":"45.186.89.9","ultima_edicao":"2022-09-26T16:05:31.445046-03:00","tipo":16,"regime_tramitacao":1,"tipo_origem_externa":null,"local_origem_externa":null,"user":2,"anexadas":[],"autores":[3]}