{"id":1011,"__str__":"Indica\u00e7\u00e3o n\u00ba 11 de 2026","link_detail_backend":"/materia/1011","metadata":{},"numero":11,"ano":2026,"numero_protocolo":null,"data_apresentacao":"2026-03-03","tipo_apresentacao":"","data_publicacao":null,"numero_origem_externa":"","ano_origem_externa":null,"data_origem_externa":null,"apelido":"","dias_prazo":null,"data_fim_prazo":null,"em_tramitacao":false,"polemica":false,"objeto":"","complementar":false,"ementa":"O Vereador que esta subscreve, nos termos regimentais, INDICA ao Excelent\u00edssimo Senhor Prefeito Municipal que encaminhe a esta Casa Legislativa um Projeto de Lei dispondo sobre o reconhecimento e a adequa\u00e7\u00e3o do cargo de T\u00e9cnico em Agente Comunit\u00e1rio de Sa\u00fade, na estrutura administrativa do Munic\u00edpio de Lagoa Bonita do Sul \u2013 RS, observando a Legisla\u00e7\u00e3o Federal vigente.","indexacao":"","observacao":"","resultado":"","texto_original":"http://sapl.lagoabonitadosul.rs.leg.br/media/sapl/public/materialegislativa/2026/1011/indicacao_no_011-2026_ezequiel.pdf","data_ultima_atualizacao":"2026-03-04T08:02:19.037028-03:00","ip":"45.186.88.48","ultima_edicao":"2026-03-03T08:07:41.891414-03:00","tipo":1,"regime_tramitacao":1,"tipo_origem_externa":null,"local_origem_externa":null,"user":2,"anexadas":[],"autores":[14]}